{"id":1840,"date":"2026-04-28T10:15:17","date_gmt":"2026-04-28T08:15:17","guid":{"rendered":"http:\/\/autoecolefred.fr\/?p=1840"},"modified":"2026-04-28T10:15:17","modified_gmt":"2026-04-28T08:15:17","slug":"information-bureau-de-clermont-lherault","status":"publish","type":"post","link":"https:\/\/autoecolefred.fr\/?p=1840","title":{"rendered":"INFORMATION BUREAU DE CLERMONT L&rsquo;H\u00c9RAULT"},"content":{"rendered":"\n<p>Le bureau sera ferm\u00e9 la matin\u00e9e du mardi 5 mai (coupure d&rsquo;\u00e9lectricit\u00e9 pr\u00e9vue par ENEDIS)<\/p>\n<p>Il sera ouvert de 14h15 \u00e0 19h.<\/p>\n<p>Fred<\/p>\n","protected":false},"excerpt":{"rendered":"<p>Le bureau sera ferm\u00e9 la matin\u00e9e du mardi 5 mai (coupure d&rsquo;\u00e9lectricit\u00e9 pr\u00e9vue par ENEDIS) Il sera ouvert de 14h15 \u00e0 19h. Fred<\/p>\n","protected":false},"author":1,"featured_media":67,"comment_status":"open","ping_status":"open","sticky":false,"template":"","format":"standard","meta":[],"categories":[3,4],"tags":[],"_links":{"self":[{"href":"https:\/\/autoecolefred.fr\/index.php?rest_route=\/wp\/v2\/posts\/1840"}],"collection":[{"href":"https:\/\/autoecolefred.fr\/index.php?rest_route=\/wp\/v2\/posts"}],"about":[{"href":"https:\/\/autoecolefred.fr\/index.php?rest_route=\/wp\/v2\/types\/post"}],"author":[{"embeddable":true,"href":"https:\/\/autoecolefred.fr\/index.php?rest_route=\/wp\/v2\/users\/1"}],"replies":[{"embeddable":true,"href":"https:\/\/autoecolefred.fr\/index.php?rest_route=%2Fwp%2Fv2%2Fcomments&post=1840"}],"version-history":[{"count":1,"href":"https:\/\/autoecolefred.fr\/index.php?rest_route=\/wp\/v2\/posts\/1840\/revisions"}],"predecessor-version":[{"id":1841,"href":"https:\/\/autoecolefred.fr\/index.php?rest_route=\/wp\/v2\/posts\/1840\/revisions\/1841"}],"wp:featuredmedia":[{"embeddable":true,"href":"https:\/\/autoecolefred.fr\/index.php?rest_route=\/wp\/v2\/media\/67"}],"wp:attachment":[{"href":"https:\/\/autoecolefred.fr\/index.php?rest_route=%2Fwp%2Fv2%2Fmedia&parent=1840"}],"wp:term":[{"taxonomy":"category","embeddable":true,"href":"https:\/\/autoecolefred.fr\/index.php?rest_route=%2Fwp%2Fv2%2Fcategories&post=1840"},{"taxonomy":"post_tag","embeddable":true,"href":"https:\/\/autoecolefred.fr\/index.php?rest_route=%2Fwp%2Fv2%2Ftags&post=1840"}],"curies":[{"name":"wp","href":"https:\/\/api.w.org\/{rel}","templated":true}]}}