{"id":702,"date":"2018-10-01T15:27:10","date_gmt":"2018-10-01T13:27:10","guid":{"rendered":"http:\/\/autoecolefred.fr\/?p=702"},"modified":"2018-11-23T15:50:11","modified_gmt":"2018-11-23T14:50:11","slug":"bureau-de-canet","status":"publish","type":"post","link":"https:\/\/autoecolefred.fr\/?p=702","title":{"rendered":"Auto-Ecole Fred Canet"},"content":{"rendered":"<p><a href=\"http:\/\/autoecolefred.fr\/wp-content\/uploads\/2018\/10\/fa\u00e7ade-canet.jpg\" data-rel=\"lightbox-image-0\" data-rl_title=\"\" data-rl_caption=\"\" title=\"\"><img decoding=\"async\" loading=\"lazy\" class=\"aligncenter size-medium wp-image-703\" src=\"http:\/\/autoecolefred.fr\/wp-content\/uploads\/2018\/10\/fa\u00e7ade-canet-225x300.jpg\" alt=\"\" width=\"225\" height=\"300\" srcset=\"https:\/\/autoecolefred.fr\/wp-content\/uploads\/2018\/10\/fa\u00e7ade-canet-225x300.jpg 225w, https:\/\/autoecolefred.fr\/wp-content\/uploads\/2018\/10\/fa\u00e7ade-canet.jpg 768w\" sizes=\"(max-width: 225px) 100vw, 225px\" \/><\/a><\/p>\n<p style=\"text-align: center;\"><span style=\"font-size: 10pt;\">L&rsquo;Auto-Ecole a le plaisir de vous accueillir 86 grand place (\u00e0 c\u00f4t\u00e9 de l&rsquo;Eglise) <\/span><span style=\"font-size: 10pt;\">\u00e0 Canet depuis mai 2018<\/span><\/p>\n<p style=\"text-align: center;\"><span style=\"font-size: 10pt;\">\u00a006.21.13.38.00<\/span><\/p>\n<p style=\"text-align: center;\"><em><span style=\"color: #0000ff; font-size: 8pt;\">L&rsquo;Auto-Ecole Fred est engag\u00e9e dans la charte de qualit\u00e9 des \u00e9coles de conduite: Permis \u00e0 1\/jour &#8211; Garantie Financi\u00e8re<\/span><\/em><\/p>\n","protected":false},"excerpt":{"rendered":"<p>L&rsquo;Auto-Ecole a le plaisir de vous accueillir 86 grand place (\u00e0 c\u00f4t\u00e9 de l&rsquo;Eglise) \u00e0 Canet depuis mai 2018 \u00a006.21.13.38.00 L&rsquo;Auto-Ecole Fred est engag\u00e9e dans la charte de qualit\u00e9 des \u00e9coles de conduite: Permis \u00e0 1\/jour &#8211; Garantie Financi\u00e8re<\/p>\n","protected":false},"author":1,"featured_media":703,"comment_status":"open","ping_status":"open","sticky":false,"template":"","format":"standard","meta":[],"categories":[3],"tags":[],"_links":{"self":[{"href":"https:\/\/autoecolefred.fr\/index.php?rest_route=\/wp\/v2\/posts\/702"}],"collection":[{"href":"https:\/\/autoecolefred.fr\/index.php?rest_route=\/wp\/v2\/posts"}],"about":[{"href":"https:\/\/autoecolefred.fr\/index.php?rest_route=\/wp\/v2\/types\/post"}],"author":[{"embeddable":true,"href":"https:\/\/autoecolefred.fr\/index.php?rest_route=\/wp\/v2\/users\/1"}],"replies":[{"embeddable":true,"href":"https:\/\/autoecolefred.fr\/index.php?rest_route=%2Fwp%2Fv2%2Fcomments&post=702"}],"version-history":[{"count":3,"href":"https:\/\/autoecolefred.fr\/index.php?rest_route=\/wp\/v2\/posts\/702\/revisions"}],"predecessor-version":[{"id":768,"href":"https:\/\/autoecolefred.fr\/index.php?rest_route=\/wp\/v2\/posts\/702\/revisions\/768"}],"wp:featuredmedia":[{"embeddable":true,"href":"https:\/\/autoecolefred.fr\/index.php?rest_route=\/wp\/v2\/media\/703"}],"wp:attachment":[{"href":"https:\/\/autoecolefred.fr\/index.php?rest_route=%2Fwp%2Fv2%2Fmedia&parent=702"}],"wp:term":[{"taxonomy":"category","embeddable":true,"href":"https:\/\/autoecolefred.fr\/index.php?rest_route=%2Fwp%2Fv2%2Fcategories&post=702"},{"taxonomy":"post_tag","embeddable":true,"href":"https:\/\/autoecolefred.fr\/index.php?rest_route=%2Fwp%2Fv2%2Ftags&post=702"}],"curies":[{"name":"wp","href":"https:\/\/api.w.org\/{rel}","templated":true}]}}